{"id":556,"date":"2015-09-09T13:21:27","date_gmt":"2015-09-09T11:21:27","guid":{"rendered":"http:\/\/wolniodnudy.pl\/?p=556"},"modified":"2016-09-27T11:00:28","modified_gmt":"2016-09-27T09:00:28","slug":"lapacze-snow-3","status":"publish","type":"post","link":"https:\/\/wolniodnudy.pl\/index.php\/2015\/09\/09\/lapacze-snow-3\/","title":{"rendered":"\u0141apacze sn\u00f3w (3)"},"content":{"rendered":"<p>Jak mam wzi\u0105\u0107 si\u0119 za co\u015b innego skoro tam witra\u017ce niedoko\u0144czone le\u017c\u0105&#8230; Nie jestem w stanie my\u015ble\u0107 o niczym innym. Jaka\u015b ma\u0142a obsesja?<br \/>\nElementy poci\u0119\u0142am. Przed ich oklejeniem nale\u017cy je umy\u0107 i starannie wytrze\u0107. Jedno i drugie jest konieczne, aby ta\u015bma do szk\u0142a zechcia\u0142a si\u0119 \u0142askawie przyklei\u0107. To etap p dziwo pracoch\u0142onny jak inne, ale bezpieczny (je\u015bli interesowa\u0142oby Was BHP). Tak bezpieczny jak zmywanie i wycieranie naczy\u0144. Oczywi\u015bci s\u0105 zdolni, kt\u00f3rym uda si\u0119 poci\u0105\u0107 i przy myciu talerzy;)<br \/>\n<a href=\"https:\/\/wolniodnudy.pl\/wp-content\/uploads\/2015\/09\/mycie-i-suszenie.png\"><img decoding=\"async\" loading=\"lazy\" class=\"aligncenter size-full wp-image-561\" src=\"https:\/\/wolniodnudy.pl\/wp-content\/uploads\/2015\/09\/mycie-i-suszenie.png\" alt=\"mycie i suszenie\" width=\"640\" height=\"223\" srcset=\"https:\/\/wolniodnudy.pl\/wp-content\/uploads\/2015\/09\/mycie-i-suszenie.png 640w, https:\/\/wolniodnudy.pl\/wp-content\/uploads\/2015\/09\/mycie-i-suszenie-300x105.png 300w, https:\/\/wolniodnudy.pl\/wp-content\/uploads\/2015\/09\/mycie-i-suszenie-550x192.png 550w, https:\/\/wolniodnudy.pl\/wp-content\/uploads\/2015\/09\/mycie-i-suszenie-230x80.png 230w\" sizes=\"(max-width: 640px) 100vw, 640px\" \/><\/a><\/p>\n<p>Gdy ju\u017c nasze elementy s\u0105 suche (albo czekamy, a\u017c same obeschn\u0105, albo je wycieramy) mo\u017cemy przyst\u0105pi\u0107 do wyboru ta\u015bmy. Do dyspozycji mamy trzy kolory: naturalny, czyli miedziany, srebrny i czarny. Dwa ostatnie s\u0105 malowane. Mo\u017cemy te\u017c wybiera\u0107 spo\u015br\u00f3d r\u00f3\u017cnych szeroko\u015bci ta\u015bmy. Ja pracuj\u0119 najcz\u0119\u015bciej na ta\u015bmie o szeroko\u015bci 5,56cm.<\/p>\n<p><a href=\"https:\/\/wolniodnudy.pl\/wp-content\/uploads\/2015\/09\/wyb\u00f3r-ta\u015bmy.png\"><img decoding=\"async\" loading=\"lazy\" class=\"aligncenter size-full wp-image-557\" src=\"https:\/\/wolniodnudy.pl\/wp-content\/uploads\/2015\/09\/wyb\u00f3r-ta\u015bmy.png\" alt=\"wyb\u00f3r ta\u015bmy\" width=\"640\" height=\"230\" srcset=\"https:\/\/wolniodnudy.pl\/wp-content\/uploads\/2015\/09\/wyb\u00f3r-ta\u015bmy.png 640w, https:\/\/wolniodnudy.pl\/wp-content\/uploads\/2015\/09\/wyb\u00f3r-ta\u015bmy-300x108.png 300w, https:\/\/wolniodnudy.pl\/wp-content\/uploads\/2015\/09\/wyb\u00f3r-ta\u015bmy-550x198.png 550w, https:\/\/wolniodnudy.pl\/wp-content\/uploads\/2015\/09\/wyb\u00f3r-ta\u015bmy-230x83.png 230w\" sizes=\"(max-width: 640px) 100vw, 640px\" \/><\/a><\/p>\n<p>Wyb\u00f3r koloru zale\u017cy od koloru szk\u0142a oraz od tego, czy po zlutowaniu zechcemy u\u017cy\u0107 patyny. Je\u015bli jej nie u\u017cyjemy, to lut b\u0119dzie srebrny i taki kolor ta\u015bmy mo\u017cna wybra\u0107. Je\u015bli szk\u0142o ma ciep\u0142e barwy, to niezale\u017cnie od patynowania mo\u017cna u\u017cy\u0107 ta\u015bmy o spodzie naturalnym. W przypadku szk\u0142a, kt\u00f3re nie jest przezroczyste wyb\u00f3r koloru spodu nie ma znaczenia. No mo\u017ce nie tak do ko\u0144ca &#8211; zdecydowanie trudniej podkleja\u0107 ta\u015bm\u0105 w kolorze czarnym ciemne elementy, bo nie wida\u0107 ile ta\u015bmy zosta\u0142o po bokach. A ta\u015bma powinna zosta\u0107 w miar\u0119 r\u00f3wnomiernie roz\u0142o\u017cona po obu stronach. Klejenie zaczynam od naro\u017cnika, ale wychodz\u0105c troch\u0119 na wcze\u015bniejsz\u0105 \u015bciank\u0119 i ko\u0144cz\u0119 na naro\u017cniku od kt\u00f3rego zaczyna\u0142am robi\u0105c ma\u0142\u0105 zak\u0142adk\u0119.<\/p>\n<p><a href=\"https:\/\/wolniodnudy.pl\/wp-content\/uploads\/2015\/09\/oklejanie.png\"><img decoding=\"async\" loading=\"lazy\" class=\"aligncenter size-full wp-image-558\" src=\"https:\/\/wolniodnudy.pl\/wp-content\/uploads\/2015\/09\/oklejanie.png\" alt=\"oklejanie\" width=\"640\" height=\"292\" srcset=\"https:\/\/wolniodnudy.pl\/wp-content\/uploads\/2015\/09\/oklejanie.png 640w, https:\/\/wolniodnudy.pl\/wp-content\/uploads\/2015\/09\/oklejanie-300x137.png 300w, https:\/\/wolniodnudy.pl\/wp-content\/uploads\/2015\/09\/oklejanie-550x251.png 550w, https:\/\/wolniodnudy.pl\/wp-content\/uploads\/2015\/09\/oklejanie-230x105.png 230w\" sizes=\"(max-width: 640px) 100vw, 640px\" \/><\/a><\/p>\n<p>Czy co\u015b mo\u017ce nie wyj\u015b\u0107?<br \/>\nJe\u015bli szk\u0142o b\u0119dzie brudne, to ta\u015bma nie b\u0119dzie chcia\u0142a si\u0119 trzyma\u0107.<br \/>\nJe\u015bli szk\u0142o nie zosta\u0142o dok\u0142adnie oszlifowane, pozosta\u0142y odpryski, to ta\u015bma mo\u017ce si\u0119 rwa\u0107, albo nie najlepiej przylega\u0107.<\/p>\n<p>Czy \u0142atwiej okleja si\u0119 ma\u0142e, czy du\u017ce elementy? Proste, czy ob\u0142e?<br \/>\nMa\u0142e s\u0105 koszmarne w oklejaniu, podobnie jak w\u0105skie. Z kolei przy bardzo du\u017cych ci\u0119\u017cko utrzyma\u0107 r\u00f3wn\u0105 odleg\u0142o\u015b\u0107 ta\u015bmy. Zdecydowanie mniej czasu zajmuje oklejanie wi\u0119kszych element\u00f3w.<br \/>\nProblem pojawia si\u0119 przy oklejaniu element\u00f3w z bokami &#8222;wkl\u0119s\u0142ymi&#8221;. O ile w przypadku &#8222;wypuk\u0142ych&#8221; tworz\u0105 si\u0119 ma\u0142e &#8222;zak\u0142adki&#8221;, o tyle w przypadku &#8222;wkl\u0119s\u0142ych&#8221; trzeba uwa\u017ca\u0107, aby ta\u015bma podczas oklejania nie pop\u0119ka\u0142a.<br \/>\nCo w przypadku b\u0142\u0119d\u00f3w?<br \/>\nNo c\u00f3\u017c, albo trzeba zerwa\u0107 i na\u0142o\u017cy\u0107 now\u0105 ta\u015bm\u0119, albo naklei\u0107 nowy kawa\u0142ek ta\u015bmy na poprzedni\u0105.<\/p>\n<p>A kiedy element jest oklejony pozostaje dok\u0142adne wyg\u0142adzenie. Bardzo dok\u0142adne, bo to zadecyduje o wytrzyma\u0142o\u015bci lutu. Je\u015bli pod ta\u015bm\u0105 zostanie wolne miejsce to lut pod ni\u0105 wejdzie odrywaj\u0105c brzeg. Do wyg\u0142adzenia u\u017cywam bardzo skomplikowanego urz\u0105dzenia jakim jest g\u0142adzik.<\/p>\n<p>Oklejam r\u0119cznie, ale mo\u017cna do tego wykorzysta\u0107 specjalne oklejarki (mo\u017ce Miko\u0142aj mi tak\u0105 pod choink\u0105 zostawi?;) )<\/p>\n<p><a href=\"https:\/\/wolniodnudy.pl\/wp-content\/uploads\/2015\/09\/wyg\u0142adzanie.png\"><img decoding=\"async\" loading=\"lazy\" class=\"aligncenter size-full wp-image-559\" src=\"https:\/\/wolniodnudy.pl\/wp-content\/uploads\/2015\/09\/wyg\u0142adzanie.png\" alt=\"wyg\u0142adzanie\" width=\"640\" height=\"200\" srcset=\"https:\/\/wolniodnudy.pl\/wp-content\/uploads\/2015\/09\/wyg\u0142adzanie.png 640w, https:\/\/wolniodnudy.pl\/wp-content\/uploads\/2015\/09\/wyg\u0142adzanie-300x94.png 300w, https:\/\/wolniodnudy.pl\/wp-content\/uploads\/2015\/09\/wyg\u0142adzanie-550x172.png 550w, https:\/\/wolniodnudy.pl\/wp-content\/uploads\/2015\/09\/wyg\u0142adzanie-230x72.png 230w\" sizes=\"(max-width: 640px) 100vw, 640px\" \/><\/a><\/p>\n<p>Elementy do obu witra\u017cy zosta\u0142y oklejone,\u00a0tak\u017ce to co ma si\u0119 z nich zwiesza\u0107. O szczeg\u00f3\u0142ach napisz\u0119 kolejnym razem. Nie wdaj\u0105c si\u0119 w szczeg\u00f3\u0142y: nie by\u0142o \u0142atwo&#8230;\u00a0Zdecydowanie \u0142atwiej by\u0142oby wpierw stworzy\u0107 projekt;)<\/p>\n<p><a href=\"https:\/\/wolniodnudy.pl\/wp-content\/uploads\/2015\/09\/przywieszki.png\"><img decoding=\"async\" loading=\"lazy\" class=\"aligncenter size-full wp-image-560\" src=\"https:\/\/wolniodnudy.pl\/wp-content\/uploads\/2015\/09\/przywieszki.png\" alt=\"przywieszki\" width=\"640\" height=\"290\" srcset=\"https:\/\/wolniodnudy.pl\/wp-content\/uploads\/2015\/09\/przywieszki.png 640w, https:\/\/wolniodnudy.pl\/wp-content\/uploads\/2015\/09\/przywieszki-300x136.png 300w, https:\/\/wolniodnudy.pl\/wp-content\/uploads\/2015\/09\/przywieszki-550x249.png 550w, https:\/\/wolniodnudy.pl\/wp-content\/uploads\/2015\/09\/przywieszki-230x104.png 230w\" sizes=\"(max-width: 640px) 100vw, 640px\" \/><\/a><br \/>\nA na koniec ma\u0142y remanent:<\/p>\n<p>Witra\u017c &#8222;koci&#8221; wa\u017cy obecnie 213g za\u015b &#8222;kwiatowy&#8221; 288g.<\/p>\n<p>Na pierwszy\u00a0zu\u017cy\u0142am na blisko 430cm ta\u015bmy, na drugi ciut wi\u0119cej bo 470cm. Je\u015bli chodzi o same &#8222;\u0142apacze&#8221;, to mimo takiej samej powierzchni\u00a0&#8222;koci&#8221; poch\u0142on\u0105\u0142 zdecydowanie wi\u0119cej ta\u015bmy ze wzgl\u0119du na ilo\u015b\u0107 element\u00f3w z kt\u00f3rych si\u0119 sk\u0142ada, za to &#8222;kwiatowy&#8221; okaza\u0142 si\u0119 ci\u0119\u017cszy.<\/p>\n<p><a href=\"https:\/\/wolniodnudy.pl\/wp-content\/uploads\/2015\/09\/pomiar.png\"><img decoding=\"async\" loading=\"lazy\" class=\"aligncenter size-full wp-image-562\" src=\"https:\/\/wolniodnudy.pl\/wp-content\/uploads\/2015\/09\/pomiar.png\" alt=\"pomiar\" width=\"640\" height=\"341\" srcset=\"https:\/\/wolniodnudy.pl\/wp-content\/uploads\/2015\/09\/pomiar.png 640w, https:\/\/wolniodnudy.pl\/wp-content\/uploads\/2015\/09\/pomiar-300x160.png 300w, https:\/\/wolniodnudy.pl\/wp-content\/uploads\/2015\/09\/pomiar-550x293.png 550w, https:\/\/wolniodnudy.pl\/wp-content\/uploads\/2015\/09\/pomiar-230x123.png 230w\" sizes=\"(max-width: 640px) 100vw, 640px\" \/><\/a><\/p>\n<p>Jeszcze lutowanie, mycie i witra\u017ce b\u0119d\u0105 mog\u0142y trafi\u0107 do w\u0142a\u015bciwych r\u0105k.<\/p>\n<p>&nbsp;<\/p>\n<!-- AddThis Advanced Settings generic via filter on the_content --><!-- AddThis Share Buttons generic via filter on the_content -->","protected":false},"excerpt":{"rendered":"<p>Jak mam wzi\u0105\u0107 si\u0119 za co\u015b innego skoro tam witra\u017ce niedoko\u0144czone le\u017c\u0105&#8230; Nie jestem w stanie my\u015ble\u0107 o niczym innym. Jaka\u015b ma\u0142a [&hellip;]<!-- AddThis Advanced Settings generic via filter on get_the_excerpt --><!-- AddThis Share Buttons generic via filter on get_the_excerpt --><\/p>\n","protected":false},"author":1,"featured_media":0,"comment_status":"open","ping_status":"open","sticky":false,"template":"","format":"standard","meta":{"ngg_post_thumbnail":0},"categories":[22,1],"tags":[579,108,65,83,578,580],"aioseo_notices":[],"_links":{"self":[{"href":"https:\/\/wolniodnudy.pl\/index.php\/wp-json\/wp\/v2\/posts\/556"}],"collection":[{"href":"https:\/\/wolniodnudy.pl\/index.php\/wp-json\/wp\/v2\/posts"}],"about":[{"href":"https:\/\/wolniodnudy.pl\/index.php\/wp-json\/wp\/v2\/types\/post"}],"author":[{"embeddable":true,"href":"https:\/\/wolniodnudy.pl\/index.php\/wp-json\/wp\/v2\/users\/1"}],"replies":[{"embeddable":true,"href":"https:\/\/wolniodnudy.pl\/index.php\/wp-json\/wp\/v2\/comments?post=556"}],"version-history":[{"count":1,"href":"https:\/\/wolniodnudy.pl\/index.php\/wp-json\/wp\/v2\/posts\/556\/revisions"}],"predecessor-version":[{"id":563,"href":"https:\/\/wolniodnudy.pl\/index.php\/wp-json\/wp\/v2\/posts\/556\/revisions\/563"}],"wp:attachment":[{"href":"https:\/\/wolniodnudy.pl\/index.php\/wp-json\/wp\/v2\/media?parent=556"}],"wp:term":[{"taxonomy":"category","embeddable":true,"href":"https:\/\/wolniodnudy.pl\/index.php\/wp-json\/wp\/v2\/categories?post=556"},{"taxonomy":"post_tag","embeddable":true,"href":"https:\/\/wolniodnudy.pl\/index.php\/wp-json\/wp\/v2\/tags?post=556"}],"curies":[{"name":"wp","href":"https:\/\/api.w.org\/{rel}","templated":true}]}}