{"id":456,"date":"2015-08-24T13:10:58","date_gmt":"2015-08-24T11:10:58","guid":{"rendered":"http:\/\/wolniodnudy.pl\/?p=456"},"modified":"2016-09-27T11:01:54","modified_gmt":"2016-09-27T09:01:54","slug":"na-zywo","status":"publish","type":"post","link":"https:\/\/wolniodnudy.pl\/index.php\/2015\/08\/24\/na-zywo\/","title":{"rendered":"Na \u017cywo&#8230;"},"content":{"rendered":"<p>Moje witra\u017ce po raz pierwszy ujrza\u0142y szersz\u0105 publiczno\u015b\u0107 (tak, wiem, to rzekomo &#8222;szersza publiczno\u015b\u0107&#8221; mia\u0142a okazj\u0119 si\u0119 z nimi zetkn\u0105\u0107, ale w ko\u0144cu kto tu by\u0142 bohaterem pierwszoplanowym?).<\/p>\n<p>Wcze\u015bniej jednak by\u0142 miesi\u0105c intensywnej pracy, d\u0142u\u017csze ni\u017c 40 godzin tygodnie pracy, poci\u0119te, a tak\u017ce poparzone\u00a0palce i&#8230; ani chwili zw\u0105tpienia, \u017ce ma to sens. Bywam niepoprawn\u0105 optymistk\u0105 (stan\u00f3w po\u015brednich brak, wi\u0119c albo tryskam optymizmem, albo ton\u0119), a liczy\u0142a si\u0119 tylko praca sama w sobie, kt\u00f3rej towarzyszy\u0142o ogromne wsparcie psychiczne (dzi\u0119ki Lideczko). Z pracy p\u0142yn\u0119\u0142a za\u015b satysfakcja, \u017ce to wszystko dzie\u0142o moich r\u0105k i wiara, \u017ce si\u0119 spodoba. Najwi\u0119ksz\u0105 przyjemno\u015b\u0107 sprawi\u0142o mi tworzenie witra\u017cy nie tych opartych o wcze\u015bniejsze projekty, ale tych fantazyjnych.<\/p>\n<p>Je\u015bli czego\u015b przed Wystaw\u0105 si\u0119 obawia\u0142am, to tylko tego, \u017ce stworzy\u0142am zbyt ma\u0142o prac i \u017ce przed jej ko\u0144cem pozostan\u0119 bez towaru. Tworzy\u0142am wi\u0119c do ostatniej chwili. A \u017ce wystawa by\u0142a rolno-przemys\u0142owa, to do ca\u0142ej wcze\u015bniejszej mena\u017cerii do\u0142\u0105czy\u0142a jeszcze kr\u00f3wka, owieczka i \u015bwinka oraz trzy bociany.<\/p>\n<p>Sobota by\u0142a pracowita, bo poza stworzeniem zwierz\u0105t gospodarskich nale\u017ca\u0142o doczepi\u0107 wst\u0105\u017cki, wszystko zapakowa\u0107, zrobi\u0107 tablic\u0119, cennik, wizyt\u00f3wki itd. itd. Jednak\u017ce uda\u0142o si\u0119 i o 21 wszystko zapakowali\u015bmy do samochodu.<\/p>\n<p>W niedziel\u0119 ju\u017c wszystko sprawnie uda\u0142o si\u0119 rozpakowa\u0107 i przysz\u0142a pora na kontakt ze zwiedzaj\u0105cymi. Zainteresowanie, a w\u0142a\u015bciwie jego brak, troch\u0119 przeros\u0142o moje oczekiwania. Nadzieje nie p\u0119k\u0142a jak ba\u0144ka mydlana, ale m\u00f3j wcze\u015bniejszy entuzjazm znacznie opad\u0142.<\/p>\n<p>Tak\u017ce ch\u0119tnych na udzia\u0142 w konkursie nie by\u0142o zbyt wielu, cho\u0107 dzi\u0119kuj\u0119 wszystkim, kt\u00f3rzy wyzwania si\u0119 podj\u0119li.<\/p>\n<p>Tak jak obieca\u0142am w tym tygodniu og\u0142osz\u0119 wyniki konkursu &#8222;Bo fantazja&#8230;&#8221;. No i zapraszam do konkursu na projekt witra\u017cu. Konkurs jest otwarty dla wszystkich, a na prace czekam do 25 wrze\u015bnia (szczeg\u00f3\u0142y w zak\u0142adce NA \u017bYWO).<\/p>\n<p>Podsumowuj\u0105c wczorajszy dzie\u0144: nowych w\u0142a\u015bcicieli znalaz\u0142o kilka motyli, dwa nietoperze, wa\u017cki, serduszka, kotki i\u00a0kolibry. Pi\u00f3ra, z kt\u00f3rych tak by\u0142am zadowolona, ani folkowe pasiaki nie wzbudzi\u0142y \u017cadnego zainteresowania. Kontrowersje wzbudzi\u0142 za\u015b krokodylosmok oraz koty-bli\u017aniaki. W przypadku pierwszego pomys\u0142\u00f3w na to &#8222;co autor mia\u0142 na my\u015bli&#8221; by\u0142o sporo. W kotach, nie wiem dlaczego, dostrzegano&#8230; kufle.<\/p>\n<p>W hobby fantastyczne jest na szcz\u0119\u015bcie to, \u017ce wa\u017cne jest dzia\u0142anie, a nie odbi\u00f3r;)<\/p>\n<p>No i dzieciaki oraz doro\u015bli z kt\u00f3rymi przysz\u0142o wczoraj rozmawia\u0107 byli fantastyczni i dodawali energii do dzia\u0142ania.<\/p>\n<p>Bior\u0119 si\u0119 wi\u0119c do pracy nad opisem etap\u00f3w produkcji oraz poszerzeniem Galerii,\u00a0no i na realizacj\u0119 czeka kilka pomys\u0142\u00f3w. \u0141apacze\u00a0sn\u00f3w ju\u017c &#8222;si\u0119 wizualizuj\u0105&#8221;, na swoj\u0105 kolej czeka r\u00f3wnie\u017c kolejna wa\u017cka &#8211; zgodnie z zam\u00f3wieniem z czarnym odw\u0142okiem.<\/p>\n<p>W kolejnych dniach postaram si\u0119 zrelacjonowa\u0107 powstawanie &#8222;\u0142apaczy&#8221; oraz opowiedzie\u0107 troch\u0119 o projektach zg\u0142oszonych w konkursie &#8222;Bo fantazja&#8230;&#8221;.<\/p>\n<!-- AddThis Advanced Settings generic via filter on the_content --><!-- AddThis Share Buttons generic via filter on the_content -->","protected":false},"excerpt":{"rendered":"<p>Moje witra\u017ce po raz pierwszy ujrza\u0142y szersz\u0105 publiczno\u015b\u0107 (tak, wiem, to rzekomo &#8222;szersza publiczno\u015b\u0107&#8221; mia\u0142a okazj\u0119 si\u0119 z nimi zetkn\u0105\u0107, ale w [&hellip;]<!-- AddThis Advanced Settings generic via filter on get_the_excerpt --><!-- AddThis Share Buttons generic via filter on get_the_excerpt --><\/p>\n","protected":false},"author":1,"featured_media":0,"comment_status":"open","ping_status":"open","sticky":false,"template":"","format":"standard","meta":{"ngg_post_thumbnail":0},"categories":[22,1],"tags":[],"aioseo_notices":[],"_links":{"self":[{"href":"https:\/\/wolniodnudy.pl\/index.php\/wp-json\/wp\/v2\/posts\/456"}],"collection":[{"href":"https:\/\/wolniodnudy.pl\/index.php\/wp-json\/wp\/v2\/posts"}],"about":[{"href":"https:\/\/wolniodnudy.pl\/index.php\/wp-json\/wp\/v2\/types\/post"}],"author":[{"embeddable":true,"href":"https:\/\/wolniodnudy.pl\/index.php\/wp-json\/wp\/v2\/users\/1"}],"replies":[{"embeddable":true,"href":"https:\/\/wolniodnudy.pl\/index.php\/wp-json\/wp\/v2\/comments?post=456"}],"version-history":[{"count":1,"href":"https:\/\/wolniodnudy.pl\/index.php\/wp-json\/wp\/v2\/posts\/456\/revisions"}],"predecessor-version":[{"id":457,"href":"https:\/\/wolniodnudy.pl\/index.php\/wp-json\/wp\/v2\/posts\/456\/revisions\/457"}],"wp:attachment":[{"href":"https:\/\/wolniodnudy.pl\/index.php\/wp-json\/wp\/v2\/media?parent=456"}],"wp:term":[{"taxonomy":"category","embeddable":true,"href":"https:\/\/wolniodnudy.pl\/index.php\/wp-json\/wp\/v2\/categories?post=456"},{"taxonomy":"post_tag","embeddable":true,"href":"https:\/\/wolniodnudy.pl\/index.php\/wp-json\/wp\/v2\/tags?post=456"}],"curies":[{"name":"wp","href":"https:\/\/api.w.org\/{rel}","templated":true}]}}